{"id":697,"date":"2026-04-28T15:28:39","date_gmt":"2026-04-28T18:28:39","guid":{"rendered":"https:\/\/granadeiro.adv.br\/?p=697"},"modified":"2026-04-28T15:28:39","modified_gmt":"2026-04-28T18:28:39","slug":"seguranca-e-saude-no-trabalho-sao-temas-de-gestao-empresarial","status":"publish","type":"post","link":"https:\/\/granadeiro.adv.br\/en\/seguranca-e-saude-no-trabalho-sao-temas-de-gestao-empresarial\/","title":{"rendered":"(PT) Seguran\u00e7a e sa\u00fade no trabalho tamb\u00e9m s\u00e3o temas de gest\u00e3o empresarial"},"content":{"rendered":"<p class=\"qtranxs-available-languages-message qtranxs-available-languages-message-en\">Sorry, this entry is only available in <a href=\"https:\/\/granadeiro.adv.br\/pb\/wp-json\/wp\/v2\/posts\/697\" class=\"qtranxs-available-language-link qtranxs-available-language-link-pb\" title=\"PT\">PT<\/a>.<\/p>","protected":false},"excerpt":{"rendered":"<p>Sorry, this entry is only available in PT.<\/p>\n","protected":false},"author":1,"featured_media":698,"comment_status":"closed","ping_status":"closed","sticky":false,"template":"","format":"standard","meta":{"_acf_changed":false,"footnotes":""},"categories":[3],"tags":[8,9],"class_list":["post-697","post","type-post","status-publish","format-standard","has-post-thumbnail","hentry","category-artigo","tag-relacoes-trabalhistas-e-sindicais","tag-compliance-trabalhista"],"acf":[],"yoast_head":"<!-- This site is optimized with the Yoast SEO plugin v27.1.1 - https:\/\/yoast.com\/product\/yoast-seo-wordpress\/ -->\n<title>Seguran\u00e7a e sa\u00fade no trabalho s\u00e3o temas de gest\u00e3o empresarial<\/title>\n<meta name=\"description\" content=\"Essa leitura ganhou ainda mais relev\u00e2ncia com o avan\u00e7o das discuss\u00f5es sobre riscos psicossociais no ambiente de trabalho.\" \/>\n<meta name=\"robots\" content=\"index, follow, max-snippet:-1, max-image-preview:large, max-video-preview:-1\" \/>\n<link rel=\"canonical\" href=\"https:\/\/granadeiro.adv.br\/seguranca-e-saude-no-trabalho-sao-temas-de-gestao-empresarial\/\" \/>\n<meta property=\"og:locale\" content=\"en_US\" \/>\n<meta property=\"og:type\" content=\"article\" \/>\n<meta property=\"og:title\" content=\"Seguran\u00e7a e sa\u00fade no trabalho s\u00e3o temas de gest\u00e3o empresarial\" \/>\n<meta property=\"og:description\" content=\"Essa leitura ganhou ainda mais relev\u00e2ncia com o avan\u00e7o das discuss\u00f5es sobre riscos psicossociais no ambiente de trabalho.\" \/>\n<meta property=\"og:url\" content=\"https:\/\/granadeiro.adv.br\/seguranca-e-saude-no-trabalho-sao-temas-de-gestao-empresarial\/\" \/>\n<meta property=\"og:site_name\" content=\"Granadeiro\" \/>\n<meta property=\"article:published_time\" content=\"2026-04-28T18:28:39+00:00\" \/>\n<meta property=\"og:image\" content=\"https:\/\/granadeiro.adv.br\/wp-content\/uploads\/2026\/04\/ChatGPT-Image-28-de-abr.-de-2026-15_25_39.png\" \/>\n\t<meta property=\"og:image:width\" content=\"1536\" \/>\n\t<meta property=\"og:image:height\" content=\"1024\" \/>\n\t<meta property=\"og:image:type\" content=\"image\/png\" \/>\n<meta name=\"author\" content=\"admin\" \/>\n<meta name=\"twitter:card\" content=\"summary_large_image\" \/>\n<meta name=\"twitter:label1\" content=\"Written by\" \/>\n\t<meta name=\"twitter:data1\" content=\"admin\" \/>\n\t<meta name=\"twitter:label2\" content=\"Est. reading time\" \/>\n\t<meta name=\"twitter:data2\" content=\"3 minutes\" \/>\n<script type=\"application\/ld+json\" class=\"yoast-schema-graph\">{\"@context\":\"https:\/\/schema.org\",\"@graph\":[{\"@type\":\"Article\",\"@id\":\"https:\/\/granadeiro.adv.br\/seguranca-e-saude-no-trabalho-sao-temas-de-gestao-empresarial\/#article\",\"isPartOf\":{\"@id\":\"https:\/\/granadeiro.adv.br\/seguranca-e-saude-no-trabalho-sao-temas-de-gestao-empresarial\/\"},\"author\":{\"name\":\"admin\",\"@id\":\"https:\/\/granadeiro.adv.br\/#\/schema\/person\/64692c4832d173780bbeeb33a2811b70\"},\"headline\":\"(PT) Seguran\u00e7a e sa\u00fade no trabalho tamb\u00e9m s\u00e3o temas de gest\u00e3o empresarial\",\"datePublished\":\"2026-04-28T18:28:39+00:00\",\"mainEntityOfPage\":{\"@id\":\"https:\/\/granadeiro.adv.br\/seguranca-e-saude-no-trabalho-sao-temas-de-gestao-empresarial\/\"},\"wordCount\":533,\"publisher\":{\"@id\":\"https:\/\/granadeiro.adv.br\/#organization\"},\"image\":{\"@id\":\"https:\/\/granadeiro.adv.br\/seguranca-e-saude-no-trabalho-sao-temas-de-gestao-empresarial\/#primaryimage\"},\"thumbnailUrl\":\"https:\/\/granadeiro.adv.br\/wp-content\/uploads\/2026\/04\/ChatGPT-Image-28-de-abr.-de-2026-15_25_39.png\",\"keywords\":[\"RELA\u00c7\u00d5ES TRABALHISTAS E SINDICAIS\",\"COMPLIANCE TRABALHISTA\"],\"articleSection\":[\"Artigo\"],\"inLanguage\":\"en-US\"},{\"@type\":\"WebPage\",\"@id\":\"https:\/\/granadeiro.adv.br\/seguranca-e-saude-no-trabalho-sao-temas-de-gestao-empresarial\/\",\"url\":\"https:\/\/granadeiro.adv.br\/seguranca-e-saude-no-trabalho-sao-temas-de-gestao-empresarial\/\",\"name\":\"Seguran\u00e7a e sa\u00fade no trabalho s\u00e3o temas de gest\u00e3o empresarial\",\"isPartOf\":{\"@id\":\"https:\/\/granadeiro.adv.br\/#website\"},\"primaryImageOfPage\":{\"@id\":\"https:\/\/granadeiro.adv.br\/seguranca-e-saude-no-trabalho-sao-temas-de-gestao-empresarial\/#primaryimage\"},\"image\":{\"@id\":\"https:\/\/granadeiro.adv.br\/seguranca-e-saude-no-trabalho-sao-temas-de-gestao-empresarial\/#primaryimage\"},\"thumbnailUrl\":\"https:\/\/granadeiro.adv.br\/wp-content\/uploads\/2026\/04\/ChatGPT-Image-28-de-abr.-de-2026-15_25_39.png\",\"datePublished\":\"2026-04-28T18:28:39+00:00\",\"description\":\"Essa leitura ganhou ainda mais relev\u00e2ncia com o avan\u00e7o das discuss\u00f5es sobre riscos psicossociais no ambiente de trabalho.\",\"breadcrumb\":{\"@id\":\"https:\/\/granadeiro.adv.br\/seguranca-e-saude-no-trabalho-sao-temas-de-gestao-empresarial\/#breadcrumb\"},\"inLanguage\":\"en-US\",\"potentialAction\":[{\"@type\":\"ReadAction\",\"target\":[\"https:\/\/granadeiro.adv.br\/seguranca-e-saude-no-trabalho-sao-temas-de-gestao-empresarial\/\"]}]},{\"@type\":\"ImageObject\",\"inLanguage\":\"en-US\",\"@id\":\"https:\/\/granadeiro.adv.br\/seguranca-e-saude-no-trabalho-sao-temas-de-gestao-empresarial\/#primaryimage\",\"url\":\"https:\/\/granadeiro.adv.br\/wp-content\/uploads\/2026\/04\/ChatGPT-Image-28-de-abr.-de-2026-15_25_39.png\",\"contentUrl\":\"https:\/\/granadeiro.adv.br\/wp-content\/uploads\/2026\/04\/ChatGPT-Image-28-de-abr.-de-2026-15_25_39.png\",\"width\":1536,\"height\":1024},{\"@type\":\"BreadcrumbList\",\"@id\":\"https:\/\/granadeiro.adv.br\/seguranca-e-saude-no-trabalho-sao-temas-de-gestao-empresarial\/#breadcrumb\",\"itemListElement\":[{\"@type\":\"ListItem\",\"position\":1,\"name\":\"In\u00edcio\",\"item\":\"https:\/\/granadeiro.adv.br\/\"},{\"@type\":\"ListItem\",\"position\":2,\"name\":\"Seguran\u00e7a e sa\u00fade no trabalho tamb\u00e9m s\u00e3o temas de gest\u00e3o empresarial\"}]},{\"@type\":\"WebSite\",\"@id\":\"https:\/\/granadeiro.adv.br\/#website\",\"url\":\"https:\/\/granadeiro.adv.br\/\",\"name\":\"Granadeiro\",\"description\":\"\",\"publisher\":{\"@id\":\"https:\/\/granadeiro.adv.br\/#organization\"},\"potentialAction\":[{\"@type\":\"SearchAction\",\"target\":{\"@type\":\"EntryPoint\",\"urlTemplate\":\"https:\/\/granadeiro.adv.br\/?s={search_term_string}\"},\"query-input\":{\"@type\":\"PropertyValueSpecification\",\"valueRequired\":true,\"valueName\":\"search_term_string\"}}],\"inLanguage\":\"en-US\"},{\"@type\":\"Organization\",\"@id\":\"https:\/\/granadeiro.adv.br\/#organization\",\"name\":\"Granadeiro\",\"url\":\"https:\/\/granadeiro.adv.br\/\",\"logo\":{\"@type\":\"ImageObject\",\"inLanguage\":\"en-US\",\"@id\":\"https:\/\/granadeiro.adv.br\/#\/schema\/logo\/image\/\",\"url\":\"https:\/\/granadeiro.adv.br\/wp-content\/uploads\/2026\/03\/fav.png\",\"contentUrl\":\"https:\/\/granadeiro.adv.br\/wp-content\/uploads\/2026\/03\/fav.png\",\"width\":512,\"height\":512,\"caption\":\"Granadeiro\"},\"image\":{\"@id\":\"https:\/\/granadeiro.adv.br\/#\/schema\/logo\/image\/\"}},{\"@type\":\"Person\",\"@id\":\"https:\/\/granadeiro.adv.br\/#\/schema\/person\/64692c4832d173780bbeeb33a2811b70\",\"name\":\"admin\",\"image\":{\"@type\":\"ImageObject\",\"inLanguage\":\"en-US\",\"@id\":\"https:\/\/granadeiro.adv.br\/#\/schema\/person\/image\/\",\"url\":\"https:\/\/secure.gravatar.com\/avatar\/c905ba65424bc99d600b3220e8713eaf72b4dd68497ef6722b4375ad88fd5817?s=96&d=mm&r=g\",\"contentUrl\":\"https:\/\/secure.gravatar.com\/avatar\/c905ba65424bc99d600b3220e8713eaf72b4dd68497ef6722b4375ad88fd5817?s=96&d=mm&r=g\",\"caption\":\"admin\"},\"sameAs\":[\"https:\/\/granadeiro.adv.br\"],\"url\":\"https:\/\/granadeiro.adv.br\/en\/author\/admin\/\"}]}<\/script>\n<!-- \/ Yoast SEO plugin. -->","yoast_head_json":{"title":"Seguran\u00e7a e sa\u00fade no trabalho s\u00e3o temas de gest\u00e3o empresarial","description":"Essa leitura ganhou ainda mais relev\u00e2ncia com o avan\u00e7o das discuss\u00f5es sobre riscos psicossociais no ambiente de trabalho.","robots":{"index":"index","follow":"follow","max-snippet":"max-snippet:-1","max-image-preview":"max-image-preview:large","max-video-preview":"max-video-preview:-1"},"canonical":"https:\/\/granadeiro.adv.br\/seguranca-e-saude-no-trabalho-sao-temas-de-gestao-empresarial\/","og_locale":"en_US","og_type":"article","og_title":"Seguran\u00e7a e sa\u00fade no trabalho s\u00e3o temas de gest\u00e3o empresarial","og_description":"Essa leitura ganhou ainda mais relev\u00e2ncia com o avan\u00e7o das discuss\u00f5es sobre riscos psicossociais no ambiente de trabalho.","og_url":"https:\/\/granadeiro.adv.br\/seguranca-e-saude-no-trabalho-sao-temas-de-gestao-empresarial\/","og_site_name":"Granadeiro","article_published_time":"2026-04-28T18:28:39+00:00","og_image":[{"width":1536,"height":1024,"url":"https:\/\/granadeiro.adv.br\/wp-content\/uploads\/2026\/04\/ChatGPT-Image-28-de-abr.-de-2026-15_25_39.png","type":"image\/png"}],"author":"admin","twitter_card":"summary_large_image","twitter_misc":{"Written by":"admin","Est. reading time":"3 minutes"},"schema":{"@context":"https:\/\/schema.org","@graph":[{"@type":"Article","@id":"https:\/\/granadeiro.adv.br\/seguranca-e-saude-no-trabalho-sao-temas-de-gestao-empresarial\/#article","isPartOf":{"@id":"https:\/\/granadeiro.adv.br\/seguranca-e-saude-no-trabalho-sao-temas-de-gestao-empresarial\/"},"author":{"name":"admin","@id":"https:\/\/granadeiro.adv.br\/#\/schema\/person\/64692c4832d173780bbeeb33a2811b70"},"headline":"(PT) Seguran\u00e7a e sa\u00fade no trabalho tamb\u00e9m s\u00e3o temas de gest\u00e3o empresarial","datePublished":"2026-04-28T18:28:39+00:00","mainEntityOfPage":{"@id":"https:\/\/granadeiro.adv.br\/seguranca-e-saude-no-trabalho-sao-temas-de-gestao-empresarial\/"},"wordCount":533,"publisher":{"@id":"https:\/\/granadeiro.adv.br\/#organization"},"image":{"@id":"https:\/\/granadeiro.adv.br\/seguranca-e-saude-no-trabalho-sao-temas-de-gestao-empresarial\/#primaryimage"},"thumbnailUrl":"https:\/\/granadeiro.adv.br\/wp-content\/uploads\/2026\/04\/ChatGPT-Image-28-de-abr.-de-2026-15_25_39.png","keywords":["RELA\u00c7\u00d5ES TRABALHISTAS E SINDICAIS","COMPLIANCE TRABALHISTA"],"articleSection":["Artigo"],"inLanguage":"en-US"},{"@type":"WebPage","@id":"https:\/\/granadeiro.adv.br\/seguranca-e-saude-no-trabalho-sao-temas-de-gestao-empresarial\/","url":"https:\/\/granadeiro.adv.br\/seguranca-e-saude-no-trabalho-sao-temas-de-gestao-empresarial\/","name":"Seguran\u00e7a e sa\u00fade no trabalho s\u00e3o temas de gest\u00e3o empresarial","isPartOf":{"@id":"https:\/\/granadeiro.adv.br\/#website"},"primaryImageOfPage":{"@id":"https:\/\/granadeiro.adv.br\/seguranca-e-saude-no-trabalho-sao-temas-de-gestao-empresarial\/#primaryimage"},"image":{"@id":"https:\/\/granadeiro.adv.br\/seguranca-e-saude-no-trabalho-sao-temas-de-gestao-empresarial\/#primaryimage"},"thumbnailUrl":"https:\/\/granadeiro.adv.br\/wp-content\/uploads\/2026\/04\/ChatGPT-Image-28-de-abr.-de-2026-15_25_39.png","datePublished":"2026-04-28T18:28:39+00:00","description":"Essa leitura ganhou ainda mais relev\u00e2ncia com o avan\u00e7o das discuss\u00f5es sobre riscos psicossociais no ambiente de trabalho.","breadcrumb":{"@id":"https:\/\/granadeiro.adv.br\/seguranca-e-saude-no-trabalho-sao-temas-de-gestao-empresarial\/#breadcrumb"},"inLanguage":"en-US","potentialAction":[{"@type":"ReadAction","target":["https:\/\/granadeiro.adv.br\/seguranca-e-saude-no-trabalho-sao-temas-de-gestao-empresarial\/"]}]},{"@type":"ImageObject","inLanguage":"en-US","@id":"https:\/\/granadeiro.adv.br\/seguranca-e-saude-no-trabalho-sao-temas-de-gestao-empresarial\/#primaryimage","url":"https:\/\/granadeiro.adv.br\/wp-content\/uploads\/2026\/04\/ChatGPT-Image-28-de-abr.-de-2026-15_25_39.png","contentUrl":"https:\/\/granadeiro.adv.br\/wp-content\/uploads\/2026\/04\/ChatGPT-Image-28-de-abr.-de-2026-15_25_39.png","width":1536,"height":1024},{"@type":"BreadcrumbList","@id":"https:\/\/granadeiro.adv.br\/seguranca-e-saude-no-trabalho-sao-temas-de-gestao-empresarial\/#breadcrumb","itemListElement":[{"@type":"ListItem","position":1,"name":"In\u00edcio","item":"https:\/\/granadeiro.adv.br\/"},{"@type":"ListItem","position":2,"name":"Seguran\u00e7a e sa\u00fade no trabalho tamb\u00e9m s\u00e3o temas de gest\u00e3o empresarial"}]},{"@type":"WebSite","@id":"https:\/\/granadeiro.adv.br\/#website","url":"https:\/\/granadeiro.adv.br\/","name":"Granadeiro","description":"","publisher":{"@id":"https:\/\/granadeiro.adv.br\/#organization"},"potentialAction":[{"@type":"SearchAction","target":{"@type":"EntryPoint","urlTemplate":"https:\/\/granadeiro.adv.br\/?s={search_term_string}"},"query-input":{"@type":"PropertyValueSpecification","valueRequired":true,"valueName":"search_term_string"}}],"inLanguage":"en-US"},{"@type":"Organization","@id":"https:\/\/granadeiro.adv.br\/#organization","name":"Granadeiro","url":"https:\/\/granadeiro.adv.br\/","logo":{"@type":"ImageObject","inLanguage":"en-US","@id":"https:\/\/granadeiro.adv.br\/#\/schema\/logo\/image\/","url":"https:\/\/granadeiro.adv.br\/wp-content\/uploads\/2026\/03\/fav.png","contentUrl":"https:\/\/granadeiro.adv.br\/wp-content\/uploads\/2026\/03\/fav.png","width":512,"height":512,"caption":"Granadeiro"},"image":{"@id":"https:\/\/granadeiro.adv.br\/#\/schema\/logo\/image\/"}},{"@type":"Person","@id":"https:\/\/granadeiro.adv.br\/#\/schema\/person\/64692c4832d173780bbeeb33a2811b70","name":"admin","image":{"@type":"ImageObject","inLanguage":"en-US","@id":"https:\/\/granadeiro.adv.br\/#\/schema\/person\/image\/","url":"https:\/\/secure.gravatar.com\/avatar\/c905ba65424bc99d600b3220e8713eaf72b4dd68497ef6722b4375ad88fd5817?s=96&d=mm&r=g","contentUrl":"https:\/\/secure.gravatar.com\/avatar\/c905ba65424bc99d600b3220e8713eaf72b4dd68497ef6722b4375ad88fd5817?s=96&d=mm&r=g","caption":"admin"},"sameAs":["https:\/\/granadeiro.adv.br"],"url":"https:\/\/granadeiro.adv.br\/en\/author\/admin\/"}]}},"_links":{"self":[{"href":"https:\/\/granadeiro.adv.br\/en\/wp-json\/wp\/v2\/posts\/697","targetHints":{"allow":["GET"]}}],"collection":[{"href":"https:\/\/granadeiro.adv.br\/en\/wp-json\/wp\/v2\/posts"}],"about":[{"href":"https:\/\/granadeiro.adv.br\/en\/wp-json\/wp\/v2\/types\/post"}],"author":[{"embeddable":true,"href":"https:\/\/granadeiro.adv.br\/en\/wp-json\/wp\/v2\/users\/1"}],"replies":[{"embeddable":true,"href":"https:\/\/granadeiro.adv.br\/en\/wp-json\/wp\/v2\/comments?post=697"}],"version-history":[{"count":0,"href":"https:\/\/granadeiro.adv.br\/en\/wp-json\/wp\/v2\/posts\/697\/revisions"}],"wp:featuredmedia":[{"embeddable":true,"href":"https:\/\/granadeiro.adv.br\/en\/wp-json\/wp\/v2\/media\/698"}],"wp:attachment":[{"href":"https:\/\/granadeiro.adv.br\/en\/wp-json\/wp\/v2\/media?parent=697"}],"wp:term":[{"taxonomy":"category","embeddable":true,"href":"https:\/\/granadeiro.adv.br\/en\/wp-json\/wp\/v2\/categories?post=697"},{"taxonomy":"post_tag","embeddable":true,"href":"https:\/\/granadeiro.adv.br\/en\/wp-json\/wp\/v2\/tags?post=697"}],"curies":[{"name":"wp","href":"https:\/\/api.w.org\/{rel}","templated":true}]}}