{"id":458,"date":"2026-01-12T18:57:49","date_gmt":"2026-01-12T21:57:49","guid":{"rendered":"https:\/\/granadeiro.adv.br\/?p=458"},"modified":"2026-03-13T09:11:47","modified_gmt":"2026-03-13T12:11:47","slug":"riscos-psicossociais-na-nr-1-o-prazo-de-adequacao-ja-exige-acao-concreta-das-empresas","status":"publish","type":"post","link":"https:\/\/granadeiro.adv.br\/en\/riscos-psicossociais-na-nr-1-o-prazo-de-adequacao-ja-exige-acao-concreta-das-empresas\/","title":{"rendered":"(PT) Riscos psicossociais na NR-1: o prazo de adequa\u00e7\u00e3o j\u00e1 exige a\u00e7\u00e3o concreta das empresas"},"content":{"rendered":"<p class=\"qtranxs-available-languages-message qtranxs-available-languages-message-en\">Sorry, this entry is only available in <a href=\"https:\/\/granadeiro.adv.br\/pb\/wp-json\/wp\/v2\/posts\/458\" class=\"qtranxs-available-language-link qtranxs-available-language-link-pb\" title=\"PT\">PT<\/a>.<\/p>","protected":false},"excerpt":{"rendered":"<p>Sorry, this entry is only available in PT.<\/p>\n","protected":false},"author":1,"featured_media":459,"comment_status":"closed","ping_status":"closed","sticky":false,"template":"","format":"standard","meta":{"_acf_changed":false,"footnotes":""},"categories":[3],"tags":[9],"class_list":["post-458","post","type-post","status-publish","format-standard","has-post-thumbnail","hentry","category-artigo","tag-compliance-trabalhista"],"acf":[],"yoast_head":"<!-- This site is optimized with the Yoast SEO plugin v27.1.1 - https:\/\/yoast.com\/product\/yoast-seo-wordpress\/ -->\n<title><\/title>\n<meta name=\"robots\" content=\"index, follow, max-snippet:-1, max-image-preview:large, max-video-preview:-1\" \/>\n<link rel=\"canonical\" href=\"https:\/\/granadeiro.adv.br\/riscos-psicossociais-na-nr-1-o-prazo-de-adequacao-ja-exige-acao-concreta-das-empresas\/\" \/>\n<meta property=\"og:locale\" content=\"en_US\" \/>\n<meta property=\"og:type\" content=\"article\" \/>\n<meta property=\"og:title\" content=\"[:pb]Riscos psicossociais na NR-1: o prazo de adequa\u00e7\u00e3o j\u00e1 exige a\u00e7\u00e3o concreta das empresas[:] - Granadeiro\" \/>\n<meta property=\"og:description\" content=\"Sorry, this entry is only available in PT.\" \/>\n<meta property=\"og:url\" content=\"https:\/\/granadeiro.adv.br\/riscos-psicossociais-na-nr-1-o-prazo-de-adequacao-ja-exige-acao-concreta-das-empresas\/\" \/>\n<meta property=\"og:site_name\" content=\"Granadeiro\" \/>\n<meta property=\"article:published_time\" content=\"2026-01-12T21:57:49+00:00\" \/>\n<meta property=\"article:modified_time\" content=\"2026-03-13T12:11:47+00:00\" \/>\n<meta property=\"og:image\" content=\"https:\/\/granadeiro.adv.br\/wp-content\/uploads\/2026\/03\/ChatGPT-Image-12-de-mar.-de-2026-18_55_54.png\" \/>\n\t<meta property=\"og:image:width\" content=\"1536\" \/>\n\t<meta property=\"og:image:height\" content=\"1024\" \/>\n\t<meta property=\"og:image:type\" content=\"image\/png\" \/>\n<meta name=\"author\" content=\"admin\" \/>\n<meta name=\"twitter:card\" content=\"summary_large_image\" \/>\n<meta name=\"twitter:label1\" content=\"Written by\" \/>\n\t<meta name=\"twitter:data1\" content=\"admin\" \/>\n\t<meta name=\"twitter:label2\" content=\"Est. reading time\" \/>\n\t<meta name=\"twitter:data2\" content=\"5 minutes\" \/>\n<script type=\"application\/ld+json\" class=\"yoast-schema-graph\">{\"@context\":\"https:\/\/schema.org\",\"@graph\":[{\"@type\":\"Article\",\"@id\":\"https:\/\/granadeiro.adv.br\/riscos-psicossociais-na-nr-1-o-prazo-de-adequacao-ja-exige-acao-concreta-das-empresas\/#article\",\"isPartOf\":{\"@id\":\"https:\/\/granadeiro.adv.br\/riscos-psicossociais-na-nr-1-o-prazo-de-adequacao-ja-exige-acao-concreta-das-empresas\/\"},\"author\":{\"name\":\"admin\",\"@id\":\"https:\/\/granadeiro.adv.br\/#\/schema\/person\/64692c4832d173780bbeeb33a2811b70\"},\"headline\":\"(PT) Riscos psicossociais na NR-1: o prazo de adequa\u00e7\u00e3o j\u00e1 exige a\u00e7\u00e3o concreta das empresas\",\"datePublished\":\"2026-01-12T21:57:49+00:00\",\"dateModified\":\"2026-03-13T12:11:47+00:00\",\"mainEntityOfPage\":{\"@id\":\"https:\/\/granadeiro.adv.br\/riscos-psicossociais-na-nr-1-o-prazo-de-adequacao-ja-exige-acao-concreta-das-empresas\/\"},\"wordCount\":919,\"publisher\":{\"@id\":\"https:\/\/granadeiro.adv.br\/#organization\"},\"image\":{\"@id\":\"https:\/\/granadeiro.adv.br\/riscos-psicossociais-na-nr-1-o-prazo-de-adequacao-ja-exige-acao-concreta-das-empresas\/#primaryimage\"},\"thumbnailUrl\":\"https:\/\/granadeiro.adv.br\/wp-content\/uploads\/2026\/03\/ChatGPT-Image-12-de-mar.-de-2026-18_55_54.png\",\"keywords\":[\"COMPLIANCE TRABALHISTA\"],\"articleSection\":[\"Artigo\"],\"inLanguage\":\"en-US\"},{\"@type\":\"WebPage\",\"@id\":\"https:\/\/granadeiro.adv.br\/riscos-psicossociais-na-nr-1-o-prazo-de-adequacao-ja-exige-acao-concreta-das-empresas\/\",\"url\":\"https:\/\/granadeiro.adv.br\/riscos-psicossociais-na-nr-1-o-prazo-de-adequacao-ja-exige-acao-concreta-das-empresas\/\",\"name\":\"[:pb]Riscos psicossociais na NR-1: o prazo de adequa\u00e7\u00e3o j\u00e1 exige a\u00e7\u00e3o concreta das empresas[:] - Granadeiro\",\"isPartOf\":{\"@id\":\"https:\/\/granadeiro.adv.br\/#website\"},\"primaryImageOfPage\":{\"@id\":\"https:\/\/granadeiro.adv.br\/riscos-psicossociais-na-nr-1-o-prazo-de-adequacao-ja-exige-acao-concreta-das-empresas\/#primaryimage\"},\"image\":{\"@id\":\"https:\/\/granadeiro.adv.br\/riscos-psicossociais-na-nr-1-o-prazo-de-adequacao-ja-exige-acao-concreta-das-empresas\/#primaryimage\"},\"thumbnailUrl\":\"https:\/\/granadeiro.adv.br\/wp-content\/uploads\/2026\/03\/ChatGPT-Image-12-de-mar.-de-2026-18_55_54.png\",\"datePublished\":\"2026-01-12T21:57:49+00:00\",\"dateModified\":\"2026-03-13T12:11:47+00:00\",\"breadcrumb\":{\"@id\":\"https:\/\/granadeiro.adv.br\/riscos-psicossociais-na-nr-1-o-prazo-de-adequacao-ja-exige-acao-concreta-das-empresas\/#breadcrumb\"},\"inLanguage\":\"en-US\",\"potentialAction\":[{\"@type\":\"ReadAction\",\"target\":[\"https:\/\/granadeiro.adv.br\/riscos-psicossociais-na-nr-1-o-prazo-de-adequacao-ja-exige-acao-concreta-das-empresas\/\"]}]},{\"@type\":\"ImageObject\",\"inLanguage\":\"en-US\",\"@id\":\"https:\/\/granadeiro.adv.br\/riscos-psicossociais-na-nr-1-o-prazo-de-adequacao-ja-exige-acao-concreta-das-empresas\/#primaryimage\",\"url\":\"https:\/\/granadeiro.adv.br\/wp-content\/uploads\/2026\/03\/ChatGPT-Image-12-de-mar.-de-2026-18_55_54.png\",\"contentUrl\":\"https:\/\/granadeiro.adv.br\/wp-content\/uploads\/2026\/03\/ChatGPT-Image-12-de-mar.-de-2026-18_55_54.png\",\"width\":1536,\"height\":1024},{\"@type\":\"BreadcrumbList\",\"@id\":\"https:\/\/granadeiro.adv.br\/riscos-psicossociais-na-nr-1-o-prazo-de-adequacao-ja-exige-acao-concreta-das-empresas\/#breadcrumb\",\"itemListElement\":[{\"@type\":\"ListItem\",\"position\":1,\"name\":\"In\u00edcio\",\"item\":\"https:\/\/granadeiro.adv.br\/\"},{\"@type\":\"ListItem\",\"position\":2,\"name\":\"Riscos psicossociais na NR-1: o prazo de adequa\u00e7\u00e3o j\u00e1 exige a\u00e7\u00e3o concreta das empresas\"}]},{\"@type\":\"WebSite\",\"@id\":\"https:\/\/granadeiro.adv.br\/#website\",\"url\":\"https:\/\/granadeiro.adv.br\/\",\"name\":\"Granadeiro\",\"description\":\"\",\"publisher\":{\"@id\":\"https:\/\/granadeiro.adv.br\/#organization\"},\"potentialAction\":[{\"@type\":\"SearchAction\",\"target\":{\"@type\":\"EntryPoint\",\"urlTemplate\":\"https:\/\/granadeiro.adv.br\/?s={search_term_string}\"},\"query-input\":{\"@type\":\"PropertyValueSpecification\",\"valueRequired\":true,\"valueName\":\"search_term_string\"}}],\"inLanguage\":\"en-US\"},{\"@type\":\"Organization\",\"@id\":\"https:\/\/granadeiro.adv.br\/#organization\",\"name\":\"Granadeiro\",\"url\":\"https:\/\/granadeiro.adv.br\/\",\"logo\":{\"@type\":\"ImageObject\",\"inLanguage\":\"en-US\",\"@id\":\"https:\/\/granadeiro.adv.br\/#\/schema\/logo\/image\/\",\"url\":\"https:\/\/granadeiro.adv.br\/wp-content\/uploads\/2026\/03\/fav.png\",\"contentUrl\":\"https:\/\/granadeiro.adv.br\/wp-content\/uploads\/2026\/03\/fav.png\",\"width\":512,\"height\":512,\"caption\":\"Granadeiro\"},\"image\":{\"@id\":\"https:\/\/granadeiro.adv.br\/#\/schema\/logo\/image\/\"}},{\"@type\":\"Person\",\"@id\":\"https:\/\/granadeiro.adv.br\/#\/schema\/person\/64692c4832d173780bbeeb33a2811b70\",\"name\":\"admin\",\"image\":{\"@type\":\"ImageObject\",\"inLanguage\":\"en-US\",\"@id\":\"https:\/\/granadeiro.adv.br\/#\/schema\/person\/image\/\",\"url\":\"https:\/\/secure.gravatar.com\/avatar\/c905ba65424bc99d600b3220e8713eaf72b4dd68497ef6722b4375ad88fd5817?s=96&d=mm&r=g\",\"contentUrl\":\"https:\/\/secure.gravatar.com\/avatar\/c905ba65424bc99d600b3220e8713eaf72b4dd68497ef6722b4375ad88fd5817?s=96&d=mm&r=g\",\"caption\":\"admin\"},\"sameAs\":[\"https:\/\/granadeiro.adv.br\"],\"url\":\"https:\/\/granadeiro.adv.br\/en\/author\/admin\/\"}]}<\/script>\n<!-- \/ Yoast SEO plugin. -->","yoast_head_json":{"title":"[:pb]Riscos psicossociais na NR-1: o prazo de adequa\u00e7\u00e3o j\u00e1 exige a\u00e7\u00e3o concreta das empresas[:] - Granadeiro","robots":{"index":"index","follow":"follow","max-snippet":"max-snippet:-1","max-image-preview":"max-image-preview:large","max-video-preview":"max-video-preview:-1"},"canonical":"https:\/\/granadeiro.adv.br\/riscos-psicossociais-na-nr-1-o-prazo-de-adequacao-ja-exige-acao-concreta-das-empresas\/","og_locale":"en_US","og_type":"article","og_title":"[:pb]Riscos psicossociais na NR-1: o prazo de adequa\u00e7\u00e3o j\u00e1 exige a\u00e7\u00e3o concreta das empresas[:] - Granadeiro","og_description":"Sorry, this entry is only available in PT.","og_url":"https:\/\/granadeiro.adv.br\/riscos-psicossociais-na-nr-1-o-prazo-de-adequacao-ja-exige-acao-concreta-das-empresas\/","og_site_name":"Granadeiro","article_published_time":"2026-01-12T21:57:49+00:00","article_modified_time":"2026-03-13T12:11:47+00:00","og_image":[{"width":1536,"height":1024,"url":"https:\/\/granadeiro.adv.br\/wp-content\/uploads\/2026\/03\/ChatGPT-Image-12-de-mar.-de-2026-18_55_54.png","type":"image\/png"}],"author":"admin","twitter_card":"summary_large_image","twitter_misc":{"Written by":"admin","Est. reading time":"5 minutes"},"schema":{"@context":"https:\/\/schema.org","@graph":[{"@type":"Article","@id":"https:\/\/granadeiro.adv.br\/riscos-psicossociais-na-nr-1-o-prazo-de-adequacao-ja-exige-acao-concreta-das-empresas\/#article","isPartOf":{"@id":"https:\/\/granadeiro.adv.br\/riscos-psicossociais-na-nr-1-o-prazo-de-adequacao-ja-exige-acao-concreta-das-empresas\/"},"author":{"name":"admin","@id":"https:\/\/granadeiro.adv.br\/#\/schema\/person\/64692c4832d173780bbeeb33a2811b70"},"headline":"(PT) Riscos psicossociais na NR-1: o prazo de adequa\u00e7\u00e3o j\u00e1 exige a\u00e7\u00e3o concreta das empresas","datePublished":"2026-01-12T21:57:49+00:00","dateModified":"2026-03-13T12:11:47+00:00","mainEntityOfPage":{"@id":"https:\/\/granadeiro.adv.br\/riscos-psicossociais-na-nr-1-o-prazo-de-adequacao-ja-exige-acao-concreta-das-empresas\/"},"wordCount":919,"publisher":{"@id":"https:\/\/granadeiro.adv.br\/#organization"},"image":{"@id":"https:\/\/granadeiro.adv.br\/riscos-psicossociais-na-nr-1-o-prazo-de-adequacao-ja-exige-acao-concreta-das-empresas\/#primaryimage"},"thumbnailUrl":"https:\/\/granadeiro.adv.br\/wp-content\/uploads\/2026\/03\/ChatGPT-Image-12-de-mar.-de-2026-18_55_54.png","keywords":["COMPLIANCE TRABALHISTA"],"articleSection":["Artigo"],"inLanguage":"en-US"},{"@type":"WebPage","@id":"https:\/\/granadeiro.adv.br\/riscos-psicossociais-na-nr-1-o-prazo-de-adequacao-ja-exige-acao-concreta-das-empresas\/","url":"https:\/\/granadeiro.adv.br\/riscos-psicossociais-na-nr-1-o-prazo-de-adequacao-ja-exige-acao-concreta-das-empresas\/","name":"[:pb]Riscos psicossociais na NR-1: o prazo de adequa\u00e7\u00e3o j\u00e1 exige a\u00e7\u00e3o concreta das empresas[:] - Granadeiro","isPartOf":{"@id":"https:\/\/granadeiro.adv.br\/#website"},"primaryImageOfPage":{"@id":"https:\/\/granadeiro.adv.br\/riscos-psicossociais-na-nr-1-o-prazo-de-adequacao-ja-exige-acao-concreta-das-empresas\/#primaryimage"},"image":{"@id":"https:\/\/granadeiro.adv.br\/riscos-psicossociais-na-nr-1-o-prazo-de-adequacao-ja-exige-acao-concreta-das-empresas\/#primaryimage"},"thumbnailUrl":"https:\/\/granadeiro.adv.br\/wp-content\/uploads\/2026\/03\/ChatGPT-Image-12-de-mar.-de-2026-18_55_54.png","datePublished":"2026-01-12T21:57:49+00:00","dateModified":"2026-03-13T12:11:47+00:00","breadcrumb":{"@id":"https:\/\/granadeiro.adv.br\/riscos-psicossociais-na-nr-1-o-prazo-de-adequacao-ja-exige-acao-concreta-das-empresas\/#breadcrumb"},"inLanguage":"en-US","potentialAction":[{"@type":"ReadAction","target":["https:\/\/granadeiro.adv.br\/riscos-psicossociais-na-nr-1-o-prazo-de-adequacao-ja-exige-acao-concreta-das-empresas\/"]}]},{"@type":"ImageObject","inLanguage":"en-US","@id":"https:\/\/granadeiro.adv.br\/riscos-psicossociais-na-nr-1-o-prazo-de-adequacao-ja-exige-acao-concreta-das-empresas\/#primaryimage","url":"https:\/\/granadeiro.adv.br\/wp-content\/uploads\/2026\/03\/ChatGPT-Image-12-de-mar.-de-2026-18_55_54.png","contentUrl":"https:\/\/granadeiro.adv.br\/wp-content\/uploads\/2026\/03\/ChatGPT-Image-12-de-mar.-de-2026-18_55_54.png","width":1536,"height":1024},{"@type":"BreadcrumbList","@id":"https:\/\/granadeiro.adv.br\/riscos-psicossociais-na-nr-1-o-prazo-de-adequacao-ja-exige-acao-concreta-das-empresas\/#breadcrumb","itemListElement":[{"@type":"ListItem","position":1,"name":"In\u00edcio","item":"https:\/\/granadeiro.adv.br\/"},{"@type":"ListItem","position":2,"name":"Riscos psicossociais na NR-1: o prazo de adequa\u00e7\u00e3o j\u00e1 exige a\u00e7\u00e3o concreta das empresas"}]},{"@type":"WebSite","@id":"https:\/\/granadeiro.adv.br\/#website","url":"https:\/\/granadeiro.adv.br\/","name":"Granadeiro","description":"","publisher":{"@id":"https:\/\/granadeiro.adv.br\/#organization"},"potentialAction":[{"@type":"SearchAction","target":{"@type":"EntryPoint","urlTemplate":"https:\/\/granadeiro.adv.br\/?s={search_term_string}"},"query-input":{"@type":"PropertyValueSpecification","valueRequired":true,"valueName":"search_term_string"}}],"inLanguage":"en-US"},{"@type":"Organization","@id":"https:\/\/granadeiro.adv.br\/#organization","name":"Granadeiro","url":"https:\/\/granadeiro.adv.br\/","logo":{"@type":"ImageObject","inLanguage":"en-US","@id":"https:\/\/granadeiro.adv.br\/#\/schema\/logo\/image\/","url":"https:\/\/granadeiro.adv.br\/wp-content\/uploads\/2026\/03\/fav.png","contentUrl":"https:\/\/granadeiro.adv.br\/wp-content\/uploads\/2026\/03\/fav.png","width":512,"height":512,"caption":"Granadeiro"},"image":{"@id":"https:\/\/granadeiro.adv.br\/#\/schema\/logo\/image\/"}},{"@type":"Person","@id":"https:\/\/granadeiro.adv.br\/#\/schema\/person\/64692c4832d173780bbeeb33a2811b70","name":"admin","image":{"@type":"ImageObject","inLanguage":"en-US","@id":"https:\/\/granadeiro.adv.br\/#\/schema\/person\/image\/","url":"https:\/\/secure.gravatar.com\/avatar\/c905ba65424bc99d600b3220e8713eaf72b4dd68497ef6722b4375ad88fd5817?s=96&d=mm&r=g","contentUrl":"https:\/\/secure.gravatar.com\/avatar\/c905ba65424bc99d600b3220e8713eaf72b4dd68497ef6722b4375ad88fd5817?s=96&d=mm&r=g","caption":"admin"},"sameAs":["https:\/\/granadeiro.adv.br"],"url":"https:\/\/granadeiro.adv.br\/en\/author\/admin\/"}]}},"_links":{"self":[{"href":"https:\/\/granadeiro.adv.br\/en\/wp-json\/wp\/v2\/posts\/458","targetHints":{"allow":["GET"]}}],"collection":[{"href":"https:\/\/granadeiro.adv.br\/en\/wp-json\/wp\/v2\/posts"}],"about":[{"href":"https:\/\/granadeiro.adv.br\/en\/wp-json\/wp\/v2\/types\/post"}],"author":[{"embeddable":true,"href":"https:\/\/granadeiro.adv.br\/en\/wp-json\/wp\/v2\/users\/1"}],"replies":[{"embeddable":true,"href":"https:\/\/granadeiro.adv.br\/en\/wp-json\/wp\/v2\/comments?post=458"}],"version-history":[{"count":0,"href":"https:\/\/granadeiro.adv.br\/en\/wp-json\/wp\/v2\/posts\/458\/revisions"}],"wp:featuredmedia":[{"embeddable":true,"href":"https:\/\/granadeiro.adv.br\/en\/wp-json\/wp\/v2\/media\/459"}],"wp:attachment":[{"href":"https:\/\/granadeiro.adv.br\/en\/wp-json\/wp\/v2\/media?parent=458"}],"wp:term":[{"taxonomy":"category","embeddable":true,"href":"https:\/\/granadeiro.adv.br\/en\/wp-json\/wp\/v2\/categories?post=458"},{"taxonomy":"post_tag","embeddable":true,"href":"https:\/\/granadeiro.adv.br\/en\/wp-json\/wp\/v2\/tags?post=458"}],"curies":[{"name":"wp","href":"https:\/\/api.w.org\/{rel}","templated":true}]}}